{"id":283,"date":"2024-04-09T11:11:06","date_gmt":"2024-04-09T09:11:06","guid":{"rendered":"http:\/\/fandlyhozahrada.sk\/?p=283"},"modified":"2024-04-09T11:11:08","modified_gmt":"2024-04-09T09:11:08","slug":"fandlyho-zahrada-2","status":"publish","type":"post","link":"https:\/\/fandlyhozahrada.sk\/?p=283","title":{"rendered":"Martin Smetana vo F\u00e1ndlyho z\u00e1hrade"},"content":{"rendered":"\n<p>Viete \u017ee, \u017eiv\u00e1 p\u00f4da = \u00farodn\u00e1 p\u00f4da? O tom, ako nak\u0155mi\u0165 p\u00f4du a p\u00f4dny \u017eivot sa dozviete na predn\u00e1\u0161ke s n\u00e1zvom \u017div\u00e1 p\u00f4da v sade, ktor\u00fa pre V\u00e1s organizujeme vo F\u00e1ndlyho z\u00e1hrade. Predn\u00e1\u0161ka (alebo, ak chcete, kurz)  sa bude kona\u0165 27.4. na adrese Nah\u00e1\u010d 130, v priestoroch Pam\u00e4tn\u00e9ho domu Juraja F\u00e1ndlyho. <\/p>\n\n\n\n<p>Po\u010das kurzu budeme h\u013eada\u0165 odpovede na ot\u00e1zky:<br>&#8211; V akom stave je p\u00f4da v mojom sade? Je \u017eiv\u00e1 a \u00farodn\u00e1? Alebo m\u0155tva a vy\u010derpan\u00e1?<br>&#8211; Ktor\u00e9 parametre p\u00f4dy m\u00e1m sledova\u0165, preto\u017ee s\u00fa d\u00f4le\u017eit\u00e9?<br>&#8211; Vyplat\u00ed sa p\u00f4dny rozbor? Existuje lacnej\u0161\u00ed a r\u00fdchlej\u0161\u00ed sp\u00f4sob?<br>&#8211; Ako obnovi\u0165 \u017eivot v p\u00f4de?<br>&#8211; Nov\u00fd sad je invest\u00edcia minim\u00e1lne na desiatky rokov. \u010co urobi\u0165 pred zalo\u017een\u00edm nov\u00e9ho sadu, aby p\u00f4da po cel\u00fa \u017eivotnos\u0165 sadu fungovala spr\u00e1ve a zvl\u00e1dla vy\u017eivova\u0165 stromy?<br>&#8211; Ako doplni\u0165 ch\u00fdbaj\u00face \u017eiviny? A je v\u00f4bec potrebn\u00e9 ich dop\u013a\u0148a\u0165?<br>&#8211; Je hnoj jedin\u00fd sp\u00f4sob ako zlep\u0161i\u0165 stav p\u00f4dy? Existuj\u00fa efekt\u00edvnej\u0161ie alternat\u00edvy?<\/p>\n\n\n\n<p>Kurz lektoruje Martin Smetana, botanik, zool\u00f3g, ekol\u00f3g, ale hlavne sad\u00e1r. Na ju\u017enej Morave zaklad\u00e1 dlhovek\u00e9 extenz\u00edvne ovocn\u00e9 sady. Pracuje ako poradca pre po\u013enohospod\u00e1rov a vlastn\u00edkov p\u00f4dy v projekte \u017div\u00e1 p\u016fda v Nadaci Partnerstv\u00ed. <\/p>\n\n\n\n<p>Vstupn\u00e9 na kurz je 10 eur, pre obyvate\u013eov Nah\u00e1\u010da 6 eur. <br>Kapacita kurzu je obmedzen\u00e1, preto sa, pros\u00edm, pred kurzom registrujte na na\u0161om e-maili info@fandlyhozahrada.sk   <\/p>\n\n\n\n<p>Kurz organizuje ob\u010dianske zdru\u017eenie F\u00e1ndlyho z\u00e1hrada v spolupr\u00e1ci s obcou Nah\u00e1\u010d.<\/p>\n\n\n\n<p><a href=\"https:\/\/fb.me\/e\/1NGwA3eki\">https:\/\/fb.me\/e\/1NGwA3eki<\/a><\/p>\n\n\n\n<figure class=\"wp-block-image size-large\"><img loading=\"lazy\" decoding=\"async\" width=\"724\" height=\"1024\" src=\"http:\/\/fandlyhozahrada.sk\/wp-content\/uploads\/2024\/04\/Ziva-poda-724x1024.jpg\" alt=\"\" class=\"wp-image-284\" srcset=\"https:\/\/fandlyhozahrada.sk\/wp-content\/uploads\/2024\/04\/Ziva-poda-724x1024.jpg 724w, https:\/\/fandlyhozahrada.sk\/wp-content\/uploads\/2024\/04\/Ziva-poda-212x300.jpg 212w, https:\/\/fandlyhozahrada.sk\/wp-content\/uploads\/2024\/04\/Ziva-poda-768x1086.jpg 768w, https:\/\/fandlyhozahrada.sk\/wp-content\/uploads\/2024\/04\/Ziva-poda-1086x1536.jpg 1086w, https:\/\/fandlyhozahrada.sk\/wp-content\/uploads\/2024\/04\/Ziva-poda-1448x2048.jpg 1448w, https:\/\/fandlyhozahrada.sk\/wp-content\/uploads\/2024\/04\/Ziva-poda.jpg 1587w\" sizes=\"auto, (max-width: 724px) 100vw, 724px\" \/><\/figure>\n","protected":false},"excerpt":{"rendered":"<p>Viete \u017ee, \u017eiv\u00e1 p\u00f4da = \u00farodn\u00e1 p\u00f4da? O tom, ako nak\u0155mi\u0165 p\u00f4du a p\u00f4dny \u017eivot sa dozviete na predn\u00e1\u0161ke s n\u00e1zvom \u017div\u00e1 p\u00f4da v sade, ktor\u00fa pre V\u00e1s organizujeme vo<\/p>\n<p><a href=\"https:\/\/fandlyhozahrada.sk\/?p=283\" class=\"more-link\">\u010c\u00edta\u0165 \u010falej<span class=\"screen-reader-text\">Martin Smetana vo F\u00e1ndlyho z\u00e1hrade<\/span><\/a><\/p>\n","protected":false},"author":1,"featured_media":0,"comment_status":"open","ping_status":"open","sticky":false,"template":"","format":"standard","meta":{"_monsterinsights_skip_tracking":false,"_monsterinsights_sitenote_active":false,"_monsterinsights_sitenote_note":"","_monsterinsights_sitenote_category":0,"footnotes":""},"categories":[1],"tags":[],"class_list":["post-283","post","type-post","status-publish","format-standard","hentry","category-nezaradene"],"yoast_head":"<!-- This site is optimized with the Yoast SEO plugin v26.8 - https:\/\/yoast.com\/product\/yoast-seo-wordpress\/ -->\n<title>Martin Smetana vo F\u00e1ndlyho z\u00e1hrade - F\u00e1ndlyho z\u00e1hrada<\/title>\n<meta name=\"description\" content=\"Predn\u00e1\u0161ka o \u017eivej a \u00farodnej p\u00f4de vo F\u00e1ndlyho z\u00e1hrade. 27.4. v Nah\u00e1\u010di priv\u00edtame experta, botanika, ekol\u00f3ga, zool\u00f3ga a sad\u00e1ra, Martina Smetanu.\" \/>\n<meta name=\"robots\" content=\"index, follow, max-snippet:-1, max-image-preview:large, max-video-preview:-1\" \/>\n<link rel=\"canonical\" href=\"https:\/\/fandlyhozahrada.sk\/?p=283\" \/>\n<meta property=\"og:locale\" content=\"sk_SK\" \/>\n<meta property=\"og:type\" content=\"article\" \/>\n<meta property=\"og:title\" content=\"Martin Smetana vo F\u00e1ndlyho z\u00e1hrade - F\u00e1ndlyho z\u00e1hrada\" \/>\n<meta property=\"og:description\" content=\"Predn\u00e1\u0161ka o \u017eivej a \u00farodnej p\u00f4de vo F\u00e1ndlyho z\u00e1hrade. 27.4. v Nah\u00e1\u010di priv\u00edtame experta, botanika, ekol\u00f3ga, zool\u00f3ga a sad\u00e1ra, Martina Smetanu.\" \/>\n<meta property=\"og:url\" content=\"https:\/\/fandlyhozahrada.sk\/?p=283\" \/>\n<meta property=\"og:site_name\" content=\"F\u00e1ndlyho z\u00e1hrada\" \/>\n<meta property=\"article:publisher\" content=\"https:\/\/www.facebook.com\/profile.php?id=61555403821643\" \/>\n<meta property=\"article:published_time\" content=\"2024-04-09T09:11:06+00:00\" \/>\n<meta property=\"article:modified_time\" content=\"2024-04-09T09:11:08+00:00\" \/>\n<meta property=\"og:image\" content=\"http:\/\/fandlyhozahrada.sk\/wp-content\/uploads\/2024\/04\/Ziva-poda-724x1024.jpg\" \/>\n<meta name=\"author\" content=\"letorast\" \/>\n<meta name=\"twitter:card\" content=\"summary_large_image\" \/>\n<meta name=\"twitter:label1\" content=\"Autor\" \/>\n\t<meta name=\"twitter:data1\" content=\"letorast\" \/>\n\t<meta name=\"twitter:label2\" content=\"Predpokladan\u00fd \u010das \u010d\u00edtania\" \/>\n\t<meta name=\"twitter:data2\" content=\"2 min\u00faty\" \/>\n<script type=\"application\/ld+json\" class=\"yoast-schema-graph\">{\"@context\":\"https:\/\/schema.org\",\"@graph\":[{\"@type\":\"Article\",\"@id\":\"https:\/\/fandlyhozahrada.sk\/?p=283#article\",\"isPartOf\":{\"@id\":\"https:\/\/fandlyhozahrada.sk\/?p=283\"},\"author\":{\"name\":\"letorast\",\"@id\":\"https:\/\/fandlyhozahrada.sk\/#\/schema\/person\/448b50c7692c9b951a5acb21e6cef9ab\"},\"headline\":\"Martin Smetana vo F\u00e1ndlyho z\u00e1hrade\",\"datePublished\":\"2024-04-09T09:11:06+00:00\",\"dateModified\":\"2024-04-09T09:11:08+00:00\",\"mainEntityOfPage\":{\"@id\":\"https:\/\/fandlyhozahrada.sk\/?p=283\"},\"wordCount\":297,\"commentCount\":0,\"publisher\":{\"@id\":\"https:\/\/fandlyhozahrada.sk\/#organization\"},\"image\":{\"@id\":\"https:\/\/fandlyhozahrada.sk\/?p=283#primaryimage\"},\"thumbnailUrl\":\"http:\/\/fandlyhozahrada.sk\/wp-content\/uploads\/2024\/04\/Ziva-poda-724x1024.jpg\",\"inLanguage\":\"sk-SK\",\"potentialAction\":[{\"@type\":\"CommentAction\",\"name\":\"Comment\",\"target\":[\"https:\/\/fandlyhozahrada.sk\/?p=283#respond\"]}]},{\"@type\":\"WebPage\",\"@id\":\"https:\/\/fandlyhozahrada.sk\/?p=283\",\"url\":\"https:\/\/fandlyhozahrada.sk\/?p=283\",\"name\":\"Martin Smetana vo F\u00e1ndlyho z\u00e1hrade - F\u00e1ndlyho z\u00e1hrada\",\"isPartOf\":{\"@id\":\"https:\/\/fandlyhozahrada.sk\/#website\"},\"primaryImageOfPage\":{\"@id\":\"https:\/\/fandlyhozahrada.sk\/?p=283#primaryimage\"},\"image\":{\"@id\":\"https:\/\/fandlyhozahrada.sk\/?p=283#primaryimage\"},\"thumbnailUrl\":\"http:\/\/fandlyhozahrada.sk\/wp-content\/uploads\/2024\/04\/Ziva-poda-724x1024.jpg\",\"datePublished\":\"2024-04-09T09:11:06+00:00\",\"dateModified\":\"2024-04-09T09:11:08+00:00\",\"description\":\"Predn\u00e1\u0161ka o \u017eivej a \u00farodnej p\u00f4de vo F\u00e1ndlyho z\u00e1hrade. 27.4. v Nah\u00e1\u010di priv\u00edtame experta, botanika, ekol\u00f3ga, zool\u00f3ga a sad\u00e1ra, Martina Smetanu.\",\"breadcrumb\":{\"@id\":\"https:\/\/fandlyhozahrada.sk\/?p=283#breadcrumb\"},\"inLanguage\":\"sk-SK\",\"potentialAction\":[{\"@type\":\"ReadAction\",\"target\":[\"https:\/\/fandlyhozahrada.sk\/?p=283\"]}]},{\"@type\":\"ImageObject\",\"inLanguage\":\"sk-SK\",\"@id\":\"https:\/\/fandlyhozahrada.sk\/?p=283#primaryimage\",\"url\":\"https:\/\/fandlyhozahrada.sk\/wp-content\/uploads\/2024\/04\/Ziva-poda.jpg\",\"contentUrl\":\"https:\/\/fandlyhozahrada.sk\/wp-content\/uploads\/2024\/04\/Ziva-poda.jpg\",\"width\":1587,\"height\":2245},{\"@type\":\"BreadcrumbList\",\"@id\":\"https:\/\/fandlyhozahrada.sk\/?p=283#breadcrumb\",\"itemListElement\":[{\"@type\":\"ListItem\",\"position\":1,\"name\":\"Domovsk\u00e1 str\u00e1nka\",\"item\":\"https:\/\/fandlyhozahrada.sk\/\"},{\"@type\":\"ListItem\",\"position\":2,\"name\":\"Martin Smetana vo F\u00e1ndlyho z\u00e1hrade\"}]},{\"@type\":\"WebSite\",\"@id\":\"https:\/\/fandlyhozahrada.sk\/#website\",\"url\":\"https:\/\/fandlyhozahrada.sk\/\",\"name\":\"F\u00e1ndlyho z\u00e1hrada\",\"description\":\"Sp\u00e1jame sily pre star\u00e9 odrody.\",\"publisher\":{\"@id\":\"https:\/\/fandlyhozahrada.sk\/#organization\"},\"potentialAction\":[{\"@type\":\"SearchAction\",\"target\":{\"@type\":\"EntryPoint\",\"urlTemplate\":\"https:\/\/fandlyhozahrada.sk\/?s={search_term_string}\"},\"query-input\":{\"@type\":\"PropertyValueSpecification\",\"valueRequired\":true,\"valueName\":\"search_term_string\"}}],\"inLanguage\":\"sk-SK\"},{\"@type\":\"Organization\",\"@id\":\"https:\/\/fandlyhozahrada.sk\/#organization\",\"name\":\"F\u00e1ndlyho z\u00e1hrada\",\"url\":\"https:\/\/fandlyhozahrada.sk\/\",\"logo\":{\"@type\":\"ImageObject\",\"inLanguage\":\"sk-SK\",\"@id\":\"https:\/\/fandlyhozahrada.sk\/#\/schema\/logo\/image\/\",\"url\":\"http:\/\/fandlyhozahrada.sk\/wp-content\/uploads\/2024\/01\/20230716_170009-1-scaled.jpg\",\"contentUrl\":\"http:\/\/fandlyhozahrada.sk\/wp-content\/uploads\/2024\/01\/20230716_170009-1-scaled.jpg\",\"width\":1434,\"height\":2560,\"caption\":\"F\u00e1ndlyho z\u00e1hrada\"},\"image\":{\"@id\":\"https:\/\/fandlyhozahrada.sk\/#\/schema\/logo\/image\/\"},\"sameAs\":[\"https:\/\/www.facebook.com\/profile.php?id=61555403821643\",\"https:\/\/www.instagram.com\/fandlyhozahrada\/\"]},{\"@type\":\"Person\",\"@id\":\"https:\/\/fandlyhozahrada.sk\/#\/schema\/person\/448b50c7692c9b951a5acb21e6cef9ab\",\"name\":\"letorast\",\"image\":{\"@type\":\"ImageObject\",\"inLanguage\":\"sk-SK\",\"@id\":\"https:\/\/fandlyhozahrada.sk\/#\/schema\/person\/image\/\",\"url\":\"https:\/\/secure.gravatar.com\/avatar\/019a149026bede40e31e204695cc332b?s=96&d=mm&r=g\",\"contentUrl\":\"https:\/\/secure.gravatar.com\/avatar\/019a149026bede40e31e204695cc332b?s=96&d=mm&r=g\",\"caption\":\"letorast\"},\"sameAs\":[\"http:\/\/fandlyhozahrada.sk\"],\"url\":\"https:\/\/fandlyhozahrada.sk\/?author=1\"}]}<\/script>\n<!-- \/ Yoast SEO plugin. -->","yoast_head_json":{"title":"Martin Smetana vo F\u00e1ndlyho z\u00e1hrade - F\u00e1ndlyho z\u00e1hrada","description":"Predn\u00e1\u0161ka o \u017eivej a \u00farodnej p\u00f4de vo F\u00e1ndlyho z\u00e1hrade. 27.4. v Nah\u00e1\u010di priv\u00edtame experta, botanika, ekol\u00f3ga, zool\u00f3ga a sad\u00e1ra, Martina Smetanu.","robots":{"index":"index","follow":"follow","max-snippet":"max-snippet:-1","max-image-preview":"max-image-preview:large","max-video-preview":"max-video-preview:-1"},"canonical":"https:\/\/fandlyhozahrada.sk\/?p=283","og_locale":"sk_SK","og_type":"article","og_title":"Martin Smetana vo F\u00e1ndlyho z\u00e1hrade - F\u00e1ndlyho z\u00e1hrada","og_description":"Predn\u00e1\u0161ka o \u017eivej a \u00farodnej p\u00f4de vo F\u00e1ndlyho z\u00e1hrade. 27.4. v Nah\u00e1\u010di priv\u00edtame experta, botanika, ekol\u00f3ga, zool\u00f3ga a sad\u00e1ra, Martina Smetanu.","og_url":"https:\/\/fandlyhozahrada.sk\/?p=283","og_site_name":"F\u00e1ndlyho z\u00e1hrada","article_publisher":"https:\/\/www.facebook.com\/profile.php?id=61555403821643","article_published_time":"2024-04-09T09:11:06+00:00","article_modified_time":"2024-04-09T09:11:08+00:00","og_image":[{"url":"http:\/\/fandlyhozahrada.sk\/wp-content\/uploads\/2024\/04\/Ziva-poda-724x1024.jpg","type":"","width":"","height":""}],"author":"letorast","twitter_card":"summary_large_image","twitter_misc":{"Autor":"letorast","Predpokladan\u00fd \u010das \u010d\u00edtania":"2 min\u00faty"},"schema":{"@context":"https:\/\/schema.org","@graph":[{"@type":"Article","@id":"https:\/\/fandlyhozahrada.sk\/?p=283#article","isPartOf":{"@id":"https:\/\/fandlyhozahrada.sk\/?p=283"},"author":{"name":"letorast","@id":"https:\/\/fandlyhozahrada.sk\/#\/schema\/person\/448b50c7692c9b951a5acb21e6cef9ab"},"headline":"Martin Smetana vo F\u00e1ndlyho z\u00e1hrade","datePublished":"2024-04-09T09:11:06+00:00","dateModified":"2024-04-09T09:11:08+00:00","mainEntityOfPage":{"@id":"https:\/\/fandlyhozahrada.sk\/?p=283"},"wordCount":297,"commentCount":0,"publisher":{"@id":"https:\/\/fandlyhozahrada.sk\/#organization"},"image":{"@id":"https:\/\/fandlyhozahrada.sk\/?p=283#primaryimage"},"thumbnailUrl":"http:\/\/fandlyhozahrada.sk\/wp-content\/uploads\/2024\/04\/Ziva-poda-724x1024.jpg","inLanguage":"sk-SK","potentialAction":[{"@type":"CommentAction","name":"Comment","target":["https:\/\/fandlyhozahrada.sk\/?p=283#respond"]}]},{"@type":"WebPage","@id":"https:\/\/fandlyhozahrada.sk\/?p=283","url":"https:\/\/fandlyhozahrada.sk\/?p=283","name":"Martin Smetana vo F\u00e1ndlyho z\u00e1hrade - F\u00e1ndlyho z\u00e1hrada","isPartOf":{"@id":"https:\/\/fandlyhozahrada.sk\/#website"},"primaryImageOfPage":{"@id":"https:\/\/fandlyhozahrada.sk\/?p=283#primaryimage"},"image":{"@id":"https:\/\/fandlyhozahrada.sk\/?p=283#primaryimage"},"thumbnailUrl":"http:\/\/fandlyhozahrada.sk\/wp-content\/uploads\/2024\/04\/Ziva-poda-724x1024.jpg","datePublished":"2024-04-09T09:11:06+00:00","dateModified":"2024-04-09T09:11:08+00:00","description":"Predn\u00e1\u0161ka o \u017eivej a \u00farodnej p\u00f4de vo F\u00e1ndlyho z\u00e1hrade. 27.4. v Nah\u00e1\u010di priv\u00edtame experta, botanika, ekol\u00f3ga, zool\u00f3ga a sad\u00e1ra, Martina Smetanu.","breadcrumb":{"@id":"https:\/\/fandlyhozahrada.sk\/?p=283#breadcrumb"},"inLanguage":"sk-SK","potentialAction":[{"@type":"ReadAction","target":["https:\/\/fandlyhozahrada.sk\/?p=283"]}]},{"@type":"ImageObject","inLanguage":"sk-SK","@id":"https:\/\/fandlyhozahrada.sk\/?p=283#primaryimage","url":"https:\/\/fandlyhozahrada.sk\/wp-content\/uploads\/2024\/04\/Ziva-poda.jpg","contentUrl":"https:\/\/fandlyhozahrada.sk\/wp-content\/uploads\/2024\/04\/Ziva-poda.jpg","width":1587,"height":2245},{"@type":"BreadcrumbList","@id":"https:\/\/fandlyhozahrada.sk\/?p=283#breadcrumb","itemListElement":[{"@type":"ListItem","position":1,"name":"Domovsk\u00e1 str\u00e1nka","item":"https:\/\/fandlyhozahrada.sk\/"},{"@type":"ListItem","position":2,"name":"Martin Smetana vo F\u00e1ndlyho z\u00e1hrade"}]},{"@type":"WebSite","@id":"https:\/\/fandlyhozahrada.sk\/#website","url":"https:\/\/fandlyhozahrada.sk\/","name":"F\u00e1ndlyho z\u00e1hrada","description":"Sp\u00e1jame sily pre star\u00e9 odrody.","publisher":{"@id":"https:\/\/fandlyhozahrada.sk\/#organization"},"potentialAction":[{"@type":"SearchAction","target":{"@type":"EntryPoint","urlTemplate":"https:\/\/fandlyhozahrada.sk\/?s={search_term_string}"},"query-input":{"@type":"PropertyValueSpecification","valueRequired":true,"valueName":"search_term_string"}}],"inLanguage":"sk-SK"},{"@type":"Organization","@id":"https:\/\/fandlyhozahrada.sk\/#organization","name":"F\u00e1ndlyho z\u00e1hrada","url":"https:\/\/fandlyhozahrada.sk\/","logo":{"@type":"ImageObject","inLanguage":"sk-SK","@id":"https:\/\/fandlyhozahrada.sk\/#\/schema\/logo\/image\/","url":"http:\/\/fandlyhozahrada.sk\/wp-content\/uploads\/2024\/01\/20230716_170009-1-scaled.jpg","contentUrl":"http:\/\/fandlyhozahrada.sk\/wp-content\/uploads\/2024\/01\/20230716_170009-1-scaled.jpg","width":1434,"height":2560,"caption":"F\u00e1ndlyho z\u00e1hrada"},"image":{"@id":"https:\/\/fandlyhozahrada.sk\/#\/schema\/logo\/image\/"},"sameAs":["https:\/\/www.facebook.com\/profile.php?id=61555403821643","https:\/\/www.instagram.com\/fandlyhozahrada\/"]},{"@type":"Person","@id":"https:\/\/fandlyhozahrada.sk\/#\/schema\/person\/448b50c7692c9b951a5acb21e6cef9ab","name":"letorast","image":{"@type":"ImageObject","inLanguage":"sk-SK","@id":"https:\/\/fandlyhozahrada.sk\/#\/schema\/person\/image\/","url":"https:\/\/secure.gravatar.com\/avatar\/019a149026bede40e31e204695cc332b?s=96&d=mm&r=g","contentUrl":"https:\/\/secure.gravatar.com\/avatar\/019a149026bede40e31e204695cc332b?s=96&d=mm&r=g","caption":"letorast"},"sameAs":["http:\/\/fandlyhozahrada.sk"],"url":"https:\/\/fandlyhozahrada.sk\/?author=1"}]}},"_links":{"self":[{"href":"https:\/\/fandlyhozahrada.sk\/index.php?rest_route=\/wp\/v2\/posts\/283","targetHints":{"allow":["GET"]}}],"collection":[{"href":"https:\/\/fandlyhozahrada.sk\/index.php?rest_route=\/wp\/v2\/posts"}],"about":[{"href":"https:\/\/fandlyhozahrada.sk\/index.php?rest_route=\/wp\/v2\/types\/post"}],"author":[{"embeddable":true,"href":"https:\/\/fandlyhozahrada.sk\/index.php?rest_route=\/wp\/v2\/users\/1"}],"replies":[{"embeddable":true,"href":"https:\/\/fandlyhozahrada.sk\/index.php?rest_route=%2Fwp%2Fv2%2Fcomments&post=283"}],"version-history":[{"count":1,"href":"https:\/\/fandlyhozahrada.sk\/index.php?rest_route=\/wp\/v2\/posts\/283\/revisions"}],"predecessor-version":[{"id":285,"href":"https:\/\/fandlyhozahrada.sk\/index.php?rest_route=\/wp\/v2\/posts\/283\/revisions\/285"}],"wp:attachment":[{"href":"https:\/\/fandlyhozahrada.sk\/index.php?rest_route=%2Fwp%2Fv2%2Fmedia&parent=283"}],"wp:term":[{"taxonomy":"category","embeddable":true,"href":"https:\/\/fandlyhozahrada.sk\/index.php?rest_route=%2Fwp%2Fv2%2Fcategories&post=283"},{"taxonomy":"post_tag","embeddable":true,"href":"https:\/\/fandlyhozahrada.sk\/index.php?rest_route=%2Fwp%2Fv2%2Ftags&post=283"}],"curies":[{"name":"wp","href":"https:\/\/api.w.org\/{rel}","templated":true}]}}